{"id":198,"date":"2023-04-29T07:56:40","date_gmt":"2023-04-29T05:56:40","guid":{"rendered":"https:\/\/blog.focusing-reise.de\/?p=198"},"modified":"2023-04-29T09:39:30","modified_gmt":"2023-04-29T07:39:30","slug":"wofuer","status":"publish","type":"post","link":"https:\/\/blog.focusing-reise.de\/?p=198","title":{"rendered":"Wof\u00fcr"},"content":{"rendered":"\n<p>N\u00e4chste Woche lautet das Thema im <a rel=\"noreferrer noopener\" href=\"https:\/\/focusingresources.com\/learning\/focusing-resources-certification-as-an-inner-relationship-focusing-professional\/\" data-type=\"URL\" data-id=\"https:\/\/focusingresources.com\/learning\/focusing-resources-certification-as-an-inner-relationship-focusing-professional\/\" target=\"_blank\">Zertifizierungs-Programm<\/a>: &#8218;Start with Why&#8216;, also &#8218;Beginne mit dem Warum&#8217;&#8230; oder Wof\u00fcr, was sich f\u00fcr mich irgendwie hilfreicher anf\u00fchlt. Zur Vorbereitung hat <a href=\"https:\/\/focusingresources.com\/\" data-type=\"URL\" data-id=\"https:\/\/focusingresources.com\/\" target=\"_blank\" rel=\"noreferrer noopener\">Barbara McGavin<\/a> einen TED-Talk von <a rel=\"noreferrer noopener\" href=\"https:\/\/simonsinek.com\/\" data-type=\"URL\" data-id=\"https:\/\/simonsinek.com\/\" target=\"_blank\">Simon Sinek<\/a> verlinkt, in dem er seinen &#8218;Golden Cicle&#8216; (goldenen Kreis) erl\u00e4utert. Ich finde den Vortrag sehr inspirierend und habe ihn f\u00fcr euch verlinkt:  <\/p>\n\n\n\n<p><iframe loading=\"lazy\" width=\"560\" height=\"315\" src=\"https:\/\/www.youtube-nocookie.com\/embed\/qp0HIF3SfI4\" title=\"YouTube video player\" frameborder=\"0\" allow=\"accelerometer; autoplay; clipboard-write; encrypted-media; gyroscope; picture-in-picture; web-share\" allowfullscreen=\"\"><\/p><\/iframe><\/p>\n\n\n\n<p>F\u00fcr diejenigen, die ihn z.B. aus Zeitgr\u00fcnden nicht sehen k\u00f6nnen\/wollen, fasse ich kurz die Kernaussage zusammen: nahezu alle Menschen und Institutionen wissen, <strong>was sie tun<\/strong> (z.B. Computer herstellen und verkaufen) und <strong>wie sie es tun<\/strong> (z.B. indem sie sie attraktiv und nutzerfreundlich gestalten). <strong>Doch die wenigsten wissen, warum oder wof\u00fcr sie es tun.<\/strong><\/p>\n\n\n\n<p>Die Firmen und Menschen hingegen, die Gro\u00dfes vollbringen, <strong>beginnen<\/strong> seiner Aussage nach nicht mit dem &#8218;Was&#8216; sondern mit dem &#8218;Warum\/wof\u00fcr&#8216;, mit einer inneren Motivation, <strong>einer Vision, etwas, woran sie glauben<\/strong> und das in dem, was sie sagen und tun, <strong>widergespiegelt wird<\/strong>. Apple, das er als Beispiel nimmt, gestaltet Computer nicht einfach nur attraktiv und leicht bedienbar, <strong>es steht daf\u00fcr<\/strong>, dass Ger\u00e4te \u00e4sthetisch und leicht bedienbar sind und diese Haltung bringt es in die Welt und beschr\u00e4nkt sich dabei nicht nur auf Computer, sondern weitet es auch auf Mp3-Player, Mobiltelefone, Tablets und, wie ich gerade durch Wikipedia erfahren habe, auch Smartwatches aus. Und dadurch, dass sie f\u00fcr diese Idee stehen, <strong>ziehen sie alle an, die diese \u00dcberzeugung teilen<\/strong> und die sich genau das f\u00fcr sich w\u00fcnschen. Und ich denke gerade an Menschen, die ich kenne, f\u00fcr die nichts anderes als Apple in Frage kommt. (<em>Nachtrag: gerade beim Fr\u00fchst\u00fcck meinte mein Mann, dass f\u00fcr ihn Apple da kein gutes Beispiel w\u00e4re, weil sie sich seinem Empfinden nach mittlerweile stark am Mainstream orientieren. Statt dessen nannte er SpaceX als Beispie<\/em>l)<\/p>\n\n\n\n<p>Weitere Beispiele, die er nennt, sind die <strong>Gebr\u00fcder Wright<\/strong> und <strong>Dr. Martin Luther King<\/strong>. Und falls es euch so wie mir geht und ihr bereits beim Lesen dieses Namens, die Worte &#8222;<strong>I have a Dream<\/strong>&#8220; im Kopf habt und euch an die flammende Rede erinnert und die bewegte und begeisterte Reaktionen der Menge&#8230; wird, glaube ich, ziemlich schnell und deutlich klar, worum es geht. Spontan denke ich auch an &#8222;<strong>Imagine<\/strong>&#8220; von John Lennon und ganz gleich, wie wenig einverstanden ich mit anderen Dingen bin, die John Lennon getan oder gesagt hat, die Worte &#8222;<strong>You may think I&#8217;m a dreamer, but I&#8217;m not the only one<\/strong>&#8220; gehen mir noch immer unter die Haut.<\/p>\n\n\n\n<h2 class=\"wp-block-heading\">Die \u00dcbung<\/h2>\n\n\n\n<p>In einem der Arbeitsbl\u00e4tter, die Barbara verlinkt hat, gibt Simon Sinek das Ger\u00fcst eines Satzes vor, das ich sehr hilfreich finde, um den eigenen Sinn herauszuarbeiten:<\/p>\n\n\n\n<p>Everything I do is to____so that____.<br><strong>Alles, was ich tue, dient dazu ___ so dass ___.<\/strong><\/p>\n\n\n\n<p>Sich selbst als Beispiel nehmend schreibt Simon:<\/p>\n\n\n\n<p>Everything I do is to inspire people to do the things that inspire them so that, together, we change the world. (<strong><em>Alles, was ich tue, dient dazu, Menschen zu inspirieren, die Dinge zu tun, die sie inspirieren, so dass wir gemeinsam die Welt ver\u00e4ndern k\u00f6nnen.<\/em>)<\/strong><\/p>\n\n\n\n<figure class=\"wp-block-image size-full\"><img loading=\"lazy\" decoding=\"async\" width=\"1280\" height=\"853\" src=\"https:\/\/blog.focusing-reise.de\/wp-content\/uploads\/2023\/04\/girls-ge0e969560_1280-1.jpg\" alt=\"\" class=\"wp-image-204\"\/><figcaption>Bild von <a href=\"https:\/\/pixabay.com\/de\/users\/cherylholt-209609\/?utm_source=link-attribution&amp;utm_medium=referral&amp;utm_campaign=image&amp;utm_content=462072\">Cheryl Holt<\/a> auf <a href=\"https:\/\/pixabay.com\/de\/\/?utm_source=link-attribution&amp;utm_medium=referral&amp;utm_campaign=image&amp;utm_content=462072\">Pixabay<\/a><\/figcaption><\/figure>\n\n\n\n<h2 class=\"wp-block-heading\">Mein Wof\u00fcr<\/h2>\n\n\n\n<p>Ich habe gestern lange dar\u00fcber nachgedacht, wof\u00fcr das, was ich tue dient. Ich meine&#8230; klar&#8230; manchmal frage ich mich, wof\u00fcr das alles, doch so richtig ernsthaft dar\u00fcber nachgedacht und es in einem Satz zusammengefasst habe ich es bislang noch nie. Doch irgendwie wurde es doch schnell klar:<\/p>\n\n\n\n<p><strong>Alles, was ich tue, dient daf\u00fcr, Beziehungen zu genie\u00dfen und andere dabei zu unterst\u00fctzen, Beziehungen zu genie\u00dfen.<\/strong><\/p>\n\n\n\n<p>Einen so richtig edles &#8217;so dass&#8216; habe ich dabei nicht. Klar, ich k\u00f6nnte schreiben, dass es dazu dient, gemeinsam die Welt sch\u00f6ner zu gestaltet, doch wenn ich ehrlich bin, ist es f\u00fcr mich ein Selbstzweck. Mir geht es nicht um die Rettung der Welt (was nat\u00fcrlich toll w\u00e4re), mir geht es darum, Beziehungen zu genie\u00dfen und dass ich mir das auch f\u00fcr andere w\u00fcnsche. Punkt.<\/p>\n\n\n\n<p>Daf\u00fcr&#8230;<\/p>\n\n\n\n<ul class=\"wp-block-list\"><li>stehe ich jeden Morgen auf<\/li><li>freue ich mich jedes Mal nach dem Aufwachen auf die Fortsetzung meiner Lieblings-Webcomics und die weitere Entwicklung der Beziehung der Charaktere zueinander zu verfolgen<\/li><li>f\u00fchle ich mich von allem, was mit Kommunikation zu tun hat, angezogen<\/li><li>sind Worte wie &#8218;<a rel=\"noreferrer noopener\" href=\"http:\/\/Konfliktleichtigkeit\" data-type=\"URL\" data-id=\"Konfliktleichtigkeit\" target=\"_blank\">Konfliktleichtigkeit<\/a>&#8218; oder <a rel=\"noreferrer noopener\" href=\"https:\/\/familienleicht.de\/\" data-type=\"URL\" data-id=\"https:\/\/familienleicht.de\/\" target=\"_blank\">&#8218;familienleicht&#8216;<\/a> f\u00fcr mich so attraktiv &#8211; weil sie sowohl die Beziehung als auch den Genuss beinhalten<\/li><li>freut sich mein inneres Kind so sehr \u00fcber jede neue Bekanntschaft, die ihr spontan sympathisch ist, dass es mich mitten in der Nacht weckt und will, dass ich ihr gleich schreibe, wie toll ich sie finde<\/li><li>f\u00fchle ich mich so ungl\u00fccklich und ruhelos, wenn ich merke, dass ich eine Beziehung gerade nicht genie\u00dfen kann und gebe alles daf\u00fcr, es zu \u00e4ndern<\/li><li>f\u00fchle ich mich unruhig, wenn ich pl\u00f6tzlich ein freies Wochenende ohne Verabredungen habe und entspannt, sobald ich ein Treffen mit einem lieben Menschen in den Kalender eingetragen habe<\/li><li>schreibe ich in Foren mitf\u00fchlende und\/oder wertsch\u00e4tzende Beitr\u00e4ge<\/li><li>bin ich damals mit meinem Mann zusammengezogen<\/li><li>habe ich Kinder bekommen<\/li><li>habe ich mich spontan in eine Methode verliebt, die sich <strong>&#8218;Inner Relationship Focusing&#8216;<\/strong> nennt<\/li><li>denke ich die letzten Tage die ganze Zeit dar\u00fcber nach, wie ich es f\u00fcr mich und andere m\u00f6glichst spielerisch, leicht und mitrei\u00dfend gestalten kann, in eine gute Beziehung mit mir\/sich selbst zu kommen<\/li><li>schreibe ich diesen Beitrag. Damit ich Dir das zeigen und Du mich sehen kannst und wir beide, solltest Du  diese Motivation teilen, noch achtsamer und genussvoller miteinander in Beziehung sein k\u00f6nnen.<\/li><\/ul>\n\n\n\n<p>Es ist spannend, wie hilfreich dieser Satz ist, pl\u00f6tzlich so klar und deutlich den roten Faden zu erkennen, der sich durch mein gesamtes Leben zieht.<\/p>\n\n\n\n<p>Soweit von mir. Nun bin ich gespannt, wie es bei Dir aussieht. Magst Du nachsp\u00fcren, wof\u00fcr all das dient, was Du tust? Wenn ja schreibe es gerne in die Kommentare oder auch an mich (<em>julia (at) focusing-reise (punkt) de<\/em>). Ich freue mich!<\/p>\n\n\n\n<p><\/p>\n","protected":false},"excerpt":{"rendered":"<p>N\u00e4chste Woche lautet das Thema im Zertifizierungs-Programm: &#8218;Start with Why&#8216;, also &#8218;Beginne mit dem Warum&#8217;&#8230; oder Wof\u00fcr, was sich f\u00fcr mich irgendwie hilfreicher anf\u00fchlt. Zur Vorbereitung hat Barbara McGavin einen TED-Talk von Simon Sinek verlinkt, in dem er seinen &#8218;Golden Cicle&#8216; (goldenen Kreis) erl\u00e4utert. Ich finde den Vortrag sehr inspirierend und habe ihn f\u00fcr euch [&hellip;]<\/p>\n","protected":false},"author":1,"featured_media":203,"comment_status":"open","ping_status":"open","sticky":false,"template":"","format":"standard","meta":{"footnotes":""},"categories":[14],"tags":[17,16,15],"class_list":["post-198","post","type-post","status-publish","format-standard","has-post-thumbnail","hentry","category-ich","tag-beziehungen","tag-selbsterkenntnis","tag-wofuer"],"_links":{"self":[{"href":"https:\/\/blog.focusing-reise.de\/index.php?rest_route=\/wp\/v2\/posts\/198","targetHints":{"allow":["GET"]}}],"collection":[{"href":"https:\/\/blog.focusing-reise.de\/index.php?rest_route=\/wp\/v2\/posts"}],"about":[{"href":"https:\/\/blog.focusing-reise.de\/index.php?rest_route=\/wp\/v2\/types\/post"}],"author":[{"embeddable":true,"href":"https:\/\/blog.focusing-reise.de\/index.php?rest_route=\/wp\/v2\/users\/1"}],"replies":[{"embeddable":true,"href":"https:\/\/blog.focusing-reise.de\/index.php?rest_route=%2Fwp%2Fv2%2Fcomments&post=198"}],"version-history":[{"count":8,"href":"https:\/\/blog.focusing-reise.de\/index.php?rest_route=\/wp\/v2\/posts\/198\/revisions"}],"predecessor-version":[{"id":210,"href":"https:\/\/blog.focusing-reise.de\/index.php?rest_route=\/wp\/v2\/posts\/198\/revisions\/210"}],"wp:featuredmedia":[{"embeddable":true,"href":"https:\/\/blog.focusing-reise.de\/index.php?rest_route=\/wp\/v2\/media\/203"}],"wp:attachment":[{"href":"https:\/\/blog.focusing-reise.de\/index.php?rest_route=%2Fwp%2Fv2%2Fmedia&parent=198"}],"wp:term":[{"taxonomy":"category","embeddable":true,"href":"https:\/\/blog.focusing-reise.de\/index.php?rest_route=%2Fwp%2Fv2%2Fcategories&post=198"},{"taxonomy":"post_tag","embeddable":true,"href":"https:\/\/blog.focusing-reise.de\/index.php?rest_route=%2Fwp%2Fv2%2Ftags&post=198"}],"curies":[{"name":"wp","href":"https:\/\/api.w.org\/{rel}","templated":true}]}}